{"id":9326,"date":"2022-02-01T10:58:32","date_gmt":"2022-02-01T09:58:32","guid":{"rendered":"https:\/\/www.printempsartdeco.fr\/nouvel-article\/"},"modified":"2022-02-01T10:58:32","modified_gmt":"2022-02-01T09:58:32","slug":"nouvel-article","status":"publish","type":"post","link":"https:\/\/www.printempsartdeco.fr\/nl\/nouvel-article\/","title":{"rendered":"Nouvel article"},"content":{"rendered":"<div class=\"wpb-content-wrapper\"><p>[vc_row][vc_column]<section class=\"introhome\"><div class=\"h6like\">Nous vous pr\u00e9sentons<\/div><div class=\"h1like\">Le titre de la page<\/div><div class=\"chapeaulike\">avec le sous-titre en dessous<\/div><p>Et le texte d'introduction : Lorem ipsum dolor sit amet, consectetur adipiscing elit. Donec et cursus lectus. Etiam ornare venenatis odio, sit amet elementum enim eleifend rhoncus. Orci varius natoque penatibus et magnis dis parturient montes, nascetur ridiculus mus. Phasellus condimentum tincidunt maximus. Integer fermentum leo justo, vel efficitur mi vestibulum in. Fusce tristique enim nec leo varius varius. Suspendisse facilisis massa aliquam, fringilla orci sit amet, sagittis massa. Integer pretium volutpat leo, id ultricies ex tristique eu. Integer sollicitudin aliquet ullamcorper.<\/p><\/section>[\/vc_column][\/vc_row][vc_row][vc_column][vc_column_text]<\/p>\n<h2>Titre de la premi\u00e8re partie (niveau 2)<\/h2>\n<p>[\/vc_column_text][\/vc_column][\/vc_row][vc_row][vc_column width=&#8221;1\/2&#8243;][vc_column_text]<\/p>\n<h3>Titre de niveau 3<\/h3>\n<p>La R\u00e9gion Hauts-de-France est forte de son histoire et de son identit\u00e9, riche de ses habitants, de son patrimoine et de tout ce qu\u2019elle a \u00e0 partager.<br \/>\nElle poss\u00e8de un patrimoine architectural remarquable, reposant sur les savoir-faire des architectes, des artisans d\u2019art et des d\u00e9corateurs qui, au gr\u00e9 des \u00e9poques, ont b\u00e2ti habitats et monuments aux styles vari\u00e9s, du r\u00e9gionalisme \u00e0 l\u2019Art d\u00e9co.[\/vc_column_text]<p class=\"\" style=\"text-align:left;\"><a class=\"ye_boutVide ye_coul1\" href=\"https:\/\/www.printempsartdeco.fr\/le-printemps-de-lart-deco\/historique\/\"><span>En savoir plus<\/span><\/a><\/p>[\/vc_column][vc_column width=&#8221;1\/2&#8243;]<div class=\"wpb_single_image \" style=\"text-align:center;\"><a href=\"https:\/\/www.printempsartdeco.fr\/wp-content\/uploads\/2022\/01\/usine-flipo-2-c-Ville-de-Tourcoing.jpg\"><img decoding=\"async\" width=\"1000\" height=\"667\" src=\"https:\/\/www.printempsartdeco.fr\/wp-content\/uploads\/2022\/01\/usine-flipo-2-c-Ville-de-Tourcoing-1000x667.jpg\" class=\"vc_single_image-img\" alt=\"Usine Flipo, Tourcoing\" loading=\"lazy\" srcset=\"https:\/\/www.printempsartdeco.fr\/wp-content\/uploads\/2022\/01\/usine-flipo-2-c-Ville-de-Tourcoing.jpg 1024w, https:\/\/www.printempsartdeco.fr\/wp-content\/uploads\/2022\/01\/usine-flipo-2-c-Ville-de-Tourcoing.jpg 1024w, https:\/\/www.printempsartdeco.fr\/wp-content\/uploads\/2022\/01\/usine-flipo-2-c-Ville-de-Tourcoing-1000x667.jpg 1000w, https:\/\/www.printempsartdeco.fr\/wp-content\/uploads\/2022\/01\/usine-flipo-2-c-Ville-de-Tourcoing-600x400.jpg 600w, https:\/\/www.printempsartdeco.fr\/wp-content\/uploads\/2022\/01\/usine-flipo-2-c-Ville-de-Tourcoing-300x200.jpg 300w\" sizes=\"auto, (max-width: 1000px) 100vw, 1000px\"><\/a><\/div><div style=\"height:50px;\"><\/div>[\/vc_column][\/vc_row][vc_row][vc_column][vc_column_text]<\/p>\n<h3>Titre de niveau 3<\/h3>\n<p>La R\u00e9gion Hauts-de-France est forte de son histoire et de son identit\u00e9, riche de ses habitants, de son patrimoine et de tout ce qu\u2019elle a \u00e0 partager.<br \/>\nElle poss\u00e8de un patrimoine architectural remarquable, reposant sur les savoir-faire des architectes, des artisans d\u2019art et des d\u00e9corateurs qui, au gr\u00e9 des \u00e9poques, ont b\u00e2ti habitats et monuments aux styles vari\u00e9s, du r\u00e9gionalisme \u00e0 l\u2019Art d\u00e9co.[\/vc_column_text][vc_column_text]Lorem ipsum dolor sit amet, consectetur adipiscing elit. Donec et cursus lectus. Etiam ornare venenatis odio, sit amet elementum enim eleifend rhoncus. Orci varius natoque penatibus et magnis dis parturient montes, nascetur ridiculus mus. Phasellus condimentum tincidunt maximus. Integer fermentum leo justo, vel efficitur mi vestibulum in. Fusce tristique enim nec leo varius varius. Suspendisse facilisis massa aliquam, fringilla orci sit amet, sagittis massa. Integer pretium volutpat leo, id ultricies ex tristique eu. Integer sollicitudin aliquet ullamcorper.[\/vc_column_text][\/vc_column][\/vc_row][vc_row][vc_column]<div class=\"ye_slick703 \"><div><div class=\"ye_slickinside imgcropCtn\" style=\"height:500px;\"><img decoding=\"async\" class=\"imgcrop\" src=\"https:\/\/www.printempsartdeco.fr\/wp-content\/uploads\/2022\/01\/les-arcades-c-Ville-de-Tourcoing-667x1000.jpg\" alt=\"Les Arcades, Tourcoing\"><\/div><p class=\"slick_imglegend\" >Les Arcades, Tourcoing - \u00a9 OT Tourcoing<\/p><\/div><div><div class=\"ye_slickinside imgcropCtn\" style=\"height:500px;\"><img decoding=\"async\" class=\"imgcrop\" src=\"https:\/\/www.printempsartdeco.fr\/wp-content\/uploads\/2022\/01\/les-arcades-c-OT-tourcoing-750x1000.jpg\" alt=\"Les Arcades, Tourcoing\"><\/div><p class=\"slick_imglegend\" >Les Arcades, Tourcoing<\/p><\/div><div><div class=\"ye_slickinside imgcropCtn\" style=\"height:500px;\"><img decoding=\"async\" class=\"imgcrop\" src=\"https:\/\/www.printempsartdeco.fr\/wp-content\/uploads\/2022\/01\/ancienne-poste_avenue-dron-c-Ville-de-Tourcoing-667x1000.jpg\" alt=\"Ancienne Poste, avenue Dron, Tourcoing\"><\/div><p class=\"slick_imglegend\" >Ancienne Poste, avenue Dron, Tourcoing<\/p><\/div><div><div class=\"ye_slickinside imgcropCtn\" style=\"height:500px;\"><img decoding=\"async\" class=\"imgcrop\" src=\"https:\/\/www.printempsartdeco.fr\/wp-content\/uploads\/2022\/01\/Ancienne-usine-Charles-Six-c-OT-Tourcoing.jpg\" alt=\"Ancienne usine Charles Six, Tourcoing\"><\/div><p class=\"slick_imglegend\" >Ancienne usine Charles Six, Tourcoing<\/p><\/div><div><div class=\"ye_slickinside imgcropCtn\" style=\"height:500px;\"><img decoding=\"async\" class=\"imgcrop\" src=\"https:\/\/www.printempsartdeco.fr\/wp-content\/uploads\/2022\/01\/46-rue-de-guisnes-c-V.-Pollet.jpg\" alt=\"Fa\u00e7ade Art d\u00e9co, rue de Guisnes, Tourcoing\"><\/div><p class=\"slick_imglegend\" >Fa\u00e7ade Art d\u00e9co, rue de Guisnes, Tourcoing<\/p><\/div><\/div><script>\r\n                  $(\".ye_slick703\").slick({\r\n                      slidesToShow: 2,\r\n                      slidesToScroll: 1,\r\n                      dots: false,\r\n                      arrows: true,\r\n                      responsive: [{breakpoint: 768, settings: {slidesToShow: 1, slidesToScroll: 1}}]\r\n                  });<\/script>[\/vc_column][\/vc_row][vc_row][vc_column]<div class=\"ye_slick766 \"><div><div class=\"ye_slickinside imgcropCtn\" style=\"height:350px;\"><img decoding=\"async\" class=\"imgcrop\" src=\"https:\/\/www.printempsartdeco.fr\/wp-content\/uploads\/2022\/01\/LECOLE-Make-your-treasure-chest-23-400x600.jpg\" alt=\"Atelier enfant \u00e0 L&#8217;\u00c9cole des Arts joailliers, avec le soutien de Van Cleef&#038;Arpels\"><\/div><p class=\"slick_imglegend\" >Atelier enfant \u00e0 L&#8217;\u00c9cole des Arts joailliers, avec le soutien de Van Cleef&#038;Arpels - \u00a9 L'\u00c9cole des Arts Joailliers<\/p><\/div><div><div class=\"ye_slickinside imgcropCtn\" style=\"height:350px;\"><img decoding=\"async\" class=\"imgcrop\" src=\"https:\/\/www.printempsartdeco.fr\/wp-content\/uploads\/2022\/01\/BA191-bis-560x600.jpg\" alt=\"Eros, Auguste Janniot\"><\/div><p class=\"slick_imglegend\" >Eros, Auguste Janniot<\/p><\/div><div><div class=\"ye_slickinside imgcropCtn\" style=\"height:350px;\"><img decoding=\"async\" class=\"imgcrop\" src=\"https:\/\/www.printempsartdeco.fr\/wp-content\/uploads\/2022\/01\/P_20190302_152631-CR_EliseTALAL-600x338.jpg\" alt=\"Harmonika Zug au Buffet de la gare, Saint-Quentin\"><\/div><p class=\"slick_imglegend\" >Harmonika Zug au Buffet de la gare, Saint-Quentin<\/p><\/div><div><div class=\"ye_slickinside imgcropCtn\" style=\"height:350px;\"><img decoding=\"async\" class=\"imgcrop\" src=\"https:\/\/www.printempsartdeco.fr\/wp-content\/uploads\/2022\/01\/DPFP5041-600x401.jpg\" alt=\"Buffet de la Gare, Saint-Quentin\"><\/div><p class=\"slick_imglegend\" >Buffet de la Gare, Saint-Quentin<\/p><\/div><div><div class=\"ye_slickinside imgcropCtn\" style=\"height:350px;\"><img decoding=\"async\" class=\"imgcrop\" src=\"https:\/\/www.printempsartdeco.fr\/wp-content\/uploads\/2022\/01\/vitrail-ChristTembouret-scaled-e1674576136828-340x600.jpg\" alt=\"Vitrail G. Tembouret, Cimeti\u00e8re nord, Saint-Quentin\"><\/div><p class=\"slick_imglegend\" >Vitrail G. Tembouret, Cimeti\u00e8re nord, Saint-Quentin<\/p><\/div><div><div class=\"ye_slickinside imgcropCtn\" style=\"height:350px;\"><img decoding=\"async\" class=\"imgcrop\" src=\"https:\/\/www.printempsartdeco.fr\/wp-content\/uploads\/2022\/01\/SAP-08-03713.JPG-600x481.png\" alt=\"Plan bleu du 24 rue de la Sous-pr\u00e9fecture, Saint-Quentin\"><\/div><p class=\"slick_imglegend\" >Plan bleu du 24 rue de la Sous-pr\u00e9fecture, Saint-Quentin<\/p><\/div><\/div><script>\r\n                  $(\".ye_slick766\").slick({\r\n                      slidesToShow: 4,\r\n                      slidesToScroll: 1,\r\n                      dots: true,\r\n                      arrows: false,\r\n                      responsive: [{breakpoint: 768, settings: {slidesToShow: 1, slidesToScroll: 1}}]\r\n                  });<\/script>[\/vc_column][\/vc_row][vc_row][vc_column width=&#8221;1\/4&#8243;]<p class=\"\" style=\"text-align:center;\"><span class=\"ye_icon vc_icon_element-icon IcoFont icon-plan ye_coul1\"><\/span><\/p>[vc_column_text]<\/p>\n<h3 style=\"text-align: center\">Situation<\/h3>\n<p style=\"text-align: center\">Lorem ipsum dolor sit amet, consectetur adipiscing elit. Donec et cursus lectus. Etiam ornare venenatis odio, sit amet elementum enim eleifend rhoncus.<\/p>\n<p>[\/vc_column_text][\/vc_column][vc_column width=&#8221;1\/4&#8243;]<p class=\"\" style=\"text-align:center;\"><span class=\"ye_icon vc_icon_element-icon IcoFont icon-bus ye_coul1\"><\/span><\/p>[vc_column_text]<\/p>\n<h3 style=\"text-align: center\">Acc\u00e8s<\/h3>\n<p style=\"text-align: center\">Lorem ipsum dolor sit amet, consectetur adipiscing elit. Donec et cursus lectus. Etiam ornare venenatis odio, sit amet elementum enim eleifend rhoncus.<\/p>\n<p>[\/vc_column_text][\/vc_column][vc_column width=&#8221;1\/4&#8243;]<p class=\"\" style=\"text-align:center;\"><span class=\"ye_icon vc_icon_element-icon IcoFont icon-sun-1 ye_coul1\"><\/span><\/p>[vc_column_text]<\/p>\n<h3 style=\"text-align: center\">M\u00e9t\u00e9o<\/h3>\n<p style=\"text-align: center\">Lorem ipsum dolor sit amet, consectetur adipiscing elit. Donec et cursus lectus. Etiam ornare venenatis odio, sit amet elementum enim eleifend rhoncus.<\/p>\n<p>[\/vc_column_text][\/vc_column][vc_column width=&#8221;1\/4&#8243;]<p class=\"\" style=\"text-align:center;\"><span class=\"ye_icon vc_icon_element-icon IcoFont icon-dining ye_coul1\"><\/span><\/p>[vc_column_text]<\/p>\n<h3 style=\"text-align: center\">Gastronomie<\/h3>\n<p style=\"text-align: center\">Lorem ipsum dolor sit amet, consectetur adipiscing elit. Donec et cursus lectus. Etiam ornare venenatis odio, sit amet elementum enim eleifend rhoncus.<\/p>\n<p>[\/vc_column_text][\/vc_column][\/vc_row][vc_row][vc_column]<div style=\"height:50px;\"><\/div>[\/vc_column][\/vc_row][vc_row][vc_column width=&#8221;1\/3&#8243;]<div class=\"wpb_single_image \" style=\"text-align:center;\"><a href=\"https:\/\/www.printempsartdeco.fr\/wp-content\/uploads\/2022\/01\/Val-de-Somme-Mericourt-Labbe-4-1400x933.jpg\"><img decoding=\"async\" width=\"600\" height=\"400\" src=\"https:\/\/www.printempsartdeco.fr\/wp-content\/uploads\/2022\/01\/Val-de-Somme-Mericourt-Labbe-4-600x400.jpg\" class=\"vc_single_image-img\" alt=\"Eglise de M\u00e9ricourt-L'abb\u00e9 (80)\" loading=\"lazy\" srcset=\"https:\/\/www.printempsartdeco.fr\/wp-content\/uploads\/2022\/01\/Val-de-Somme-Mericourt-Labbe-4-1900x1267.jpg 1900w, https:\/\/www.printempsartdeco.fr\/wp-content\/uploads\/2022\/01\/Val-de-Somme-Mericourt-Labbe-4-1400x933.jpg 1400w, https:\/\/www.printempsartdeco.fr\/wp-content\/uploads\/2022\/01\/Val-de-Somme-Mericourt-Labbe-4-1000x667.jpg 1000w, https:\/\/www.printempsartdeco.fr\/wp-content\/uploads\/2022\/01\/Val-de-Somme-Mericourt-Labbe-4-600x400.jpg 600w, https:\/\/www.printempsartdeco.fr\/wp-content\/uploads\/2022\/01\/Val-de-Somme-Mericourt-Labbe-4-300x200.jpg 300w\" sizes=\"auto, (max-width: 1000px) 100vw, 1000px\"><\/a><\/div>[\/vc_column][vc_column width=&#8221;1\/3&#8243;]<div class=\"wpb_single_image \" style=\"text-align:center;\"><a href=\"https:\/\/www.printempsartdeco.fr\/wp-content\/uploads\/2022\/01\/Val-de-Somme-Mericourt-Labbe-6-1400x933.jpg\"><img decoding=\"async\" width=\"600\" height=\"400\" src=\"https:\/\/www.printempsartdeco.fr\/wp-content\/uploads\/2022\/01\/Val-de-Somme-Mericourt-Labbe-6-600x400.jpg\" class=\"vc_single_image-img\" alt=\"Eglise de M\u00e9ricourt-L'abb\u00e9 (80)\" loading=\"lazy\" srcset=\"https:\/\/www.printempsartdeco.fr\/wp-content\/uploads\/2022\/01\/Val-de-Somme-Mericourt-Labbe-6-1900x1267.jpg 1900w, https:\/\/www.printempsartdeco.fr\/wp-content\/uploads\/2022\/01\/Val-de-Somme-Mericourt-Labbe-6-1400x933.jpg 1400w, https:\/\/www.printempsartdeco.fr\/wp-content\/uploads\/2022\/01\/Val-de-Somme-Mericourt-Labbe-6-1000x667.jpg 1000w, https:\/\/www.printempsartdeco.fr\/wp-content\/uploads\/2022\/01\/Val-de-Somme-Mericourt-Labbe-6-600x400.jpg 600w, https:\/\/www.printempsartdeco.fr\/wp-content\/uploads\/2022\/01\/Val-de-Somme-Mericourt-Labbe-6-300x200.jpg 300w\" sizes=\"auto, (max-width: 1000px) 100vw, 1000px\"><\/a><\/div>[\/vc_column][vc_column width=&#8221;1\/3&#8243;]<div class=\"wpb_single_image \" style=\"text-align:center;\"><a href=\"https:\/\/www.printempsartdeco.fr\/wp-content\/uploads\/2022\/01\/Val-de-Somme-Mericourt-Labbe-2-1400x933.jpg\"><img decoding=\"async\" width=\"600\" height=\"400\" src=\"https:\/\/www.printempsartdeco.fr\/wp-content\/uploads\/2022\/01\/Val-de-Somme-Mericourt-Labbe-2-600x400.jpg\" class=\"vc_single_image-img\" alt=\"Eglise de M\u00e9ricourt-L'abb\u00e9 (80)\" loading=\"lazy\" srcset=\"https:\/\/www.printempsartdeco.fr\/wp-content\/uploads\/2022\/01\/Val-de-Somme-Mericourt-Labbe-2-1900x1267.jpg 1900w, https:\/\/www.printempsartdeco.fr\/wp-content\/uploads\/2022\/01\/Val-de-Somme-Mericourt-Labbe-2-1400x933.jpg 1400w, https:\/\/www.printempsartdeco.fr\/wp-content\/uploads\/2022\/01\/Val-de-Somme-Mericourt-Labbe-2-1000x667.jpg 1000w, https:\/\/www.printempsartdeco.fr\/wp-content\/uploads\/2022\/01\/Val-de-Somme-Mericourt-Labbe-2-600x400.jpg 600w, https:\/\/www.printempsartdeco.fr\/wp-content\/uploads\/2022\/01\/Val-de-Somme-Mericourt-Labbe-2-300x200.jpg 300w\" sizes=\"auto, (max-width: 1000px) 100vw, 1000px\"><\/a><\/div>[\/vc_column][\/vc_row][vc_row][vc_column][vc_column_text]<\/p>\n<h3>Titre de niveau 3<\/h3>\n<p>La R\u00e9gion Hauts-de-France est forte <strong>de son histoire<\/strong> et de son identit\u00e9, riche de ses habitants, <a href=\"https:\/\/www.printempsartdeco.fr\/villes\/bethune-bruay\/\">de son patrimoine<\/a> et de tout ce qu\u2019elle a \u00e0 partager.<\/p>\n<ul>\n<li>Elle poss\u00e8de <strong>un patrimoine architectural<\/strong> remarquable,<\/li>\n<li>Reposant sur les<strong> savoir-faire<\/strong> des architectes,<\/li>\n<li>Des <strong>artisans d\u2019art<\/strong> et des d\u00e9corateurs qui, au gr\u00e9 des \u00e9poques,<\/li>\n<li>Ont b\u00e2ti habitats et <strong>monuments aux styles vari\u00e9s<\/strong>, du r\u00e9gionalisme \u00e0 l\u2019Art d\u00e9co.<\/li>\n<\/ul>\n<p>Lorem ipsum dolor sit amet, consectetur adipiscing elit. Donec et cursus lectus. Etiam ornare venenatis odio, sit amet elementum enim eleifend rhoncus. Orci varius natoque penatibus et magnis dis parturient montes, nascetur ridiculus mus. Phasellus condimentum tincidunt maximus.[\/vc_column_text][\/vc_column][\/vc_row][vc_row][vc_column][vc_column_text]<\/p>\n<h2>Galeries d&#8217;images<\/h2>\n<p>[\/vc_column_text][\/vc_column][\/vc_row][vc_row full_width=&#8221;stretch_row_content&#8221;][vc_column]<section class=\"galerie2\" id=\"galerie1\"><div class=\"col-sm-4\"><div class=\"galimage1 imgcropCtn\"><img decoding=\"async\" class=\"imgcrop\" src=\"https:\/\/www.printempsartdeco.fr\/wp-content\/uploads\/2022\/01\/Val-de-Somme-Cachy-5-1000x750.jpg\" alt=\"Eglise de Cachy (80)\"><span class=\"gallegend\">Eglise de Cachy (80)<p><\/p><\/span><\/div><div class=\"galimage2 imgcropCtn\"><img decoding=\"async\" class=\"imgcrop\" src=\"https:\/\/www.printempsartdeco.fr\/wp-content\/uploads\/2022\/01\/Val-de-Somme-Cachy-4-450x600.jpg\" alt=\"Eglise de Cachy (80)\"><span class=\"gallegend\">Eglise de Cachy (80)<p><\/p><\/span><\/div><\/div><div class=\"col-sm-4\"><div class=\"galimage3 imgcropCtn\"><img decoding=\"async\" class=\"imgcrop\" src=\"https:\/\/www.printempsartdeco.fr\/wp-content\/uploads\/2022\/01\/Val-de-Somme-Cachy-2-450x600.jpg\" alt=\"Eglise de Cachy (80)\"><span class=\"gallegend\">Eglise de Cachy (80)<p><\/p><\/span><\/div><\/div><div class=\"col-sm-4\"><div class=\"galimage4 imgcropCtn\"><img decoding=\"async\" class=\"imgcrop\" src=\"https:\/\/www.printempsartdeco.fr\/wp-content\/uploads\/2022\/01\/Val-de-Somme-Cachy-3-750x1000.jpg\" alt=\"Eglise de Cachy (80)\"><span class=\"gallegend\">Eglise de Cachy (80)<p><\/p><\/span><\/div><div class=\"galimage5 imgcropCtn\"><img decoding=\"async\" class=\"imgcrop\" src=\"https:\/\/www.printempsartdeco.fr\/wp-content\/uploads\/2022\/01\/Val-de-Somme-Marcelcave-2-1000x667.jpg\" alt=\"Eglise de Marcelcave (80)\"><span class=\"gallegend\">Eglise de Marcelcave (80)<p><\/p><\/span><\/div><\/div><\/section>[\/vc_column][\/vc_row][vc_row][vc_column]<section class=\"crosssellingsection\" id=\"adeuxpas\"><h2>Besoin de plus d'infos ?<\/h2><h3>Consultez les pages suivantes<\/h3><a class=\"dernierarticle\" href=\"https:\/\/www.printempsartdeco.fr\/nl\/nouvel-article\/\"><img decoding=\"async\" src=\"https:\/\/www.printempsartdeco.fr\/wp-content\/uploads\/2022\/01\/EXPOARTDECO2021CHAUNY\u00a9CoeurdePicard-600x391.jpg\" alt=\"\"><div class=\"dernierarticleinfos\"><h4><\/h4><\/div><\/a><a class=\"dernierarticle\" href=\"https:\/\/www.printempsartdeco.fr\/villes\/bethune-bruay\/\"><img decoding=\"async\" src=\"https:\/\/www.printempsartdeco.fr\/wp-content\/uploads\/2021\/11\/4-Piscine-Art-deco-credit-Brigitte-Baudesson-1-400x600.jpg\" alt=\"B\u00e9thune-Bruay\"><div class=\"dernierarticleinfos\"><h4>B\u00e9thune-Bruay<\/h4><\/div><\/a><a class=\"dernierarticle thethird\" href=\"https:\/\/www.printempsartdeco.fr\/villes\/arras\/\"><img decoding=\"async\" src=\"https:\/\/www.printempsartdeco.fr\/wp-content\/uploads\/2021\/11\/005-Art-deco-pied-de-bronze-Denis-Cordonnier-libre-de-droit-600x391.jpg\" alt=\"Arras Pays d'Artois\"><div class=\"dernierarticleinfos\"><h4>Arras Pays d'Artois<\/h4><\/div><\/a><a class=\"dernierarticle\" href=\"https:\/\/www.printempsartdeco.fr\/villes\/lille\/\"><img decoding=\"async\" src=\"https:\/\/www.printempsartdeco.fr\/wp-content\/uploads\/2023\/02\/2021_03_15_JS_Salle-des-fetes-deFives_05.jpg-1080px-600x400.jpg\" alt=\"Lille\"><div class=\"dernierarticleinfos\"><h4>Lille<\/h4><\/div><\/a><a class=\"dernierarticle\" href=\"https:\/\/www.printempsartdeco.fr\/nl\/nouvel-article\/\"><img decoding=\"async\" src=\"https:\/\/www.printempsartdeco.fr\/wp-content\/uploads\/2022\/01\/EXPOARTDECO2021CHAUNY\u00a9CoeurdePicard-600x391.jpg\" alt=\"\"><div class=\"dernierarticleinfos\"><h4><\/h4><\/div><\/a><\/section>[\/vc_column][\/vc_row][vc_row][vc_column width=&#8221;1\/2&#8243;][vc_column_text]I am text block. Click edit button to change this text. Lorem ipsum dolor sit amet, consectetur <strong>adipiscing<\/strong> elit. Ut elit tellus, luctus nec ullamcorper mattis, pulvinar dapibus leo. I am text block. Click edit button to change this text. Lorem ipsum dolor sit amet, consectetur <strong>adipiscing<\/strong> elit. Ut elit tellus, luctus nec ullamcorper mattis, pulvinar dapibus leo. I am text block. Click edit button to change this text. Lorem ipsum dolor sit amet, consectetur <strong>adipiscing<\/strong> elit. Ut elit tellus, luctus nec ullamcorper mattis, pulvinar dapibus leo.[\/vc_column_text][\/vc_column][vc_column width=&#8221;1\/2&#8243;]<div class=\"wpb_single_image \" style=\"text-align:center;\"><img decoding=\"async\" width=\"933\" height=\"1000\" src=\"https:\/\/www.printempsartdeco.fr\/wp-content\/uploads\/2022\/01\/BA191-bis-933x1000.jpg\" class=\"vc_single_image-img\" alt=\"Bas-relief en pl\u00e2tre dor\u00e9 repr\u00e9sentant le dieu Eros, par Alfred-Augute Janniot\" loading=\"lazy\" srcset=\"https:\/\/www.printempsartdeco.fr\/wp-content\/uploads\/2022\/01\/BA191-bis.jpg 962w, https:\/\/www.printempsartdeco.fr\/wp-content\/uploads\/2022\/01\/BA191-bis.jpg 962w, https:\/\/www.printempsartdeco.fr\/wp-content\/uploads\/2022\/01\/BA191-bis-933x1000.jpg 933w, https:\/\/www.printempsartdeco.fr\/wp-content\/uploads\/2022\/01\/BA191-bis-560x600.jpg 560w, https:\/\/www.printempsartdeco.fr\/wp-content\/uploads\/2022\/01\/BA191-bis-280x300.jpg 280w\" sizes=\"auto, (max-width: 933px) 100vw, 933px\"><\/div>[\/vc_column][\/vc_row]<\/p>\n<\/div>","protected":false},"excerpt":{"rendered":"<p>[vc_row][vc_column][\/vc_column][\/vc_row][vc_row][vc_column][vc_column_text] Titre de la premi\u00e8re partie (niveau 2) [\/vc_column_text][\/vc_column][\/vc_row][vc_row][vc_column width=&#8221;1\/2&#8243;][vc_column_text] Titre de niveau 3 La R\u00e9gion Hauts-de-France est forte de son histoire et de son identit\u00e9, riche de ses habitants, de son patrimoine et de tout ce qu\u2019elle a \u00e0 partager. Elle poss\u00e8de un patrimoine architectural remarquable, reposant sur les savoir-faire des architectes, des artisans [&hellip;]<\/p>\n","protected":false},"author":11,"featured_media":8779,"comment_status":"open","ping_status":"closed","sticky":false,"template":"","format":"standard","meta":{"_acf_changed":false,"footnotes":""},"categories":[128],"tags":[],"class_list":["post-9326","post","type-post","status-publish","format-standard","has-post-thumbnail","hentry","category-aisne-nl"],"acf":[],"_links":{"self":[{"href":"https:\/\/www.printempsartdeco.fr\/nl\/wp-json\/wp\/v2\/posts\/9326","targetHints":{"allow":["GET"]}}],"collection":[{"href":"https:\/\/www.printempsartdeco.fr\/nl\/wp-json\/wp\/v2\/posts"}],"about":[{"href":"https:\/\/www.printempsartdeco.fr\/nl\/wp-json\/wp\/v2\/types\/post"}],"author":[{"embeddable":true,"href":"https:\/\/www.printempsartdeco.fr\/nl\/wp-json\/wp\/v2\/users\/11"}],"replies":[{"embeddable":true,"href":"https:\/\/www.printempsartdeco.fr\/nl\/wp-json\/wp\/v2\/comments?post=9326"}],"version-history":[{"count":0,"href":"https:\/\/www.printempsartdeco.fr\/nl\/wp-json\/wp\/v2\/posts\/9326\/revisions"}],"wp:featuredmedia":[{"embeddable":true,"href":"https:\/\/www.printempsartdeco.fr\/nl\/wp-json\/wp\/v2\/media\/8779"}],"wp:attachment":[{"href":"https:\/\/www.printempsartdeco.fr\/nl\/wp-json\/wp\/v2\/media?parent=9326"}],"wp:term":[{"taxonomy":"category","embeddable":true,"href":"https:\/\/www.printempsartdeco.fr\/nl\/wp-json\/wp\/v2\/categories?post=9326"},{"taxonomy":"post_tag","embeddable":true,"href":"https:\/\/www.printempsartdeco.fr\/nl\/wp-json\/wp\/v2\/tags?post=9326"}],"curies":[{"name":"wp","href":"https:\/\/api.w.org\/{rel}","templated":true}]}}